{"id":11885,"date":"2026-01-21T13:39:01","date_gmt":"2026-01-21T13:39:01","guid":{"rendered":"https:\/\/duvall.be\/apres-32-ans-duvall-ouvre-un-nouveau-chapitre\/"},"modified":"2026-01-21T14:03:35","modified_gmt":"2026-01-21T14:03:35","slug":"apres-32-ans-duvall-ouvre-un-nouveau-chapitre","status":"publish","type":"post","link":"https:\/\/duvall.be\/fr\/apres-32-ans-duvall-ouvre-un-nouveau-chapitre\/","title":{"rendered":"Apr\u00e8s 32 ans, duvall ouvre un nouveau chapitre"},"content":{"rendered":"\n<p>duvall a \u00e9t\u00e9 fond\u00e9e et d\u00e9velopp\u00e9e par deux fr\u00e8res, Frank et Jo Uyttendaele &#8211; nos oncles.<\/p>\n\n<p>Ils ont commenc\u00e9 dans un petit entrep\u00f4t \u00e0 Gand. Pendant plus de trois d\u00e9cennies, duvall est devenue un partenaire de confiance pour la <strong>technologie de conf\u00e9rence<\/strong>, <strong>la communication multilingue<\/strong> et <strong>les r\u00e9unions complexes<\/strong>. <\/p>\n\n<p>duvall \u00e9tait, et reste, une entreprise familiale. Notre grand-m\u00e8re a m\u00eame emball\u00e9 elle-m\u00eame les tout premiers casques duvall. Cet esprit de famille, nous le perp\u00e9tuons : au sein de notre \u00e9quipe, dans notre fa\u00e7on de travailler et dans l\u2019accompagnement de nos clients et partenaires.  <\/p>\n\n<p>D\u00e8s le d\u00e9part, Frank et Jo se sont concentr\u00e9s sur trois \u00e9l\u00e9ments cl\u00e9s : la qualit\u00e9, le service et la fiabilit\u00e9. Ces valeurs constituent encore aujourd\u2019hui la base sur laquelle nous continuons \u00e0 construire. <\/p>\n\n<p>Depuis la semaine derni\u00e8re, la propri\u00e9t\u00e9 de duvall a officiellement \u00e9t\u00e9 transf\u00e9r\u00e9e \u00e0 deux nouveaux fr\u00e8res : <strong>Wannes Verstuyft<\/strong> et <strong>Kasper Verstuyft<\/strong>.<\/p>\n\n<p>Ce n\u2019est pas une rupture avec le pass\u00e9. La plupart d\u2019entre vous nous ont rencontr\u00e9s, vus ou entendus ces derni\u00e8res ann\u00e9es. Nous \u00e9tions d\u00e9j\u00e0 impliqu\u00e9s activement dans les op\u00e9rations quotidiennes, les projets et l\u2019orientation \u00e0 long terme de duvall.  <\/p>\n\n<p>Nous sommes reconnaissants pour cette opportunit\u00e9 et notre ambition est claire : continuer \u00e0 fournir <strong>le service pour lequel duvall est reconnue<\/strong>, tout en \u00e9voluant avec nos clients, nos partenaires et les exigences changeantes des r\u00e9unions et des \u00e9v\u00e9nements.<\/p>\n\n<p>Nous remercions Frank et Jo pour leur confiance, leur accompagnement et leur passion au fil des d\u00e9cennies\u2014et pour le caf\u00e9 et le chocolat en abondance !<\/p>\n\n<p>Nous nous r\u00e9jouissons de la prochaine \u00e9tape de duvall, avec notre \u00e9quipe, nos clients et nos partenaires.<\/p>\n\n<p>\u00c0 tr\u00e8s bient\u00f4t !<br\/>Kasper et Wannes<\/p>\n","protected":false},"excerpt":{"rendered":"<p>duvall a \u00e9t\u00e9 fond\u00e9e et d\u00e9velopp\u00e9e par deux fr\u00e8res, Frank et Jo Uyttendaele &#8211; nos oncles. Ils ont commenc\u00e9 dans un petit entrep\u00f4t \u00e0 Gand. Pendant plus de trois d\u00e9cennies, duvall est devenue un partenaire de confiance pour la technologie de conf\u00e9rence, la communication multilingue et les r\u00e9unions complexes. duvall \u00e9tait, et reste, une entreprise [&hellip;]<\/p>\n","protected":false},"author":34,"featured_media":11882,"comment_status":"closed","ping_status":"closed","sticky":false,"template":"","format":"standard","meta":{"_seopress_robots_primary_cat":"117","_seopress_titles_title":"Apr\u00e8s 32 ans, duvall ouvre un nouveau chapitre","_seopress_titles_desc":"D\u00e9couvrez l'h\u00e9ritage de duvall en mati\u00e8re de qualit\u00e9, de service et de fiabilit\u00e9 dans le domaine des technologies de conf\u00e9rence. Aujourd'hui, Wannes et Kasper Verstuyft sont \u00e0 la t\u00eate de l'entreprise et font avancer l'innovation. ","_seopress_robots_index":"","_et_pb_use_builder":"","_et_pb_old_content":"","_et_gb_content_width":"","footnotes":""},"categories":[127],"tags":[],"class_list":["post-11885","post","type-post","status-publish","format-standard","has-post-thumbnail","hentry","category-actualites"],"_links":{"self":[{"href":"https:\/\/duvall.be\/fr\/wp-json\/wp\/v2\/posts\/11885","targetHints":{"allow":["GET"]}}],"collection":[{"href":"https:\/\/duvall.be\/fr\/wp-json\/wp\/v2\/posts"}],"about":[{"href":"https:\/\/duvall.be\/fr\/wp-json\/wp\/v2\/types\/post"}],"author":[{"embeddable":true,"href":"https:\/\/duvall.be\/fr\/wp-json\/wp\/v2\/users\/34"}],"replies":[{"embeddable":true,"href":"https:\/\/duvall.be\/fr\/wp-json\/wp\/v2\/comments?post=11885"}],"version-history":[{"count":1,"href":"https:\/\/duvall.be\/fr\/wp-json\/wp\/v2\/posts\/11885\/revisions"}],"predecessor-version":[{"id":11886,"href":"https:\/\/duvall.be\/fr\/wp-json\/wp\/v2\/posts\/11885\/revisions\/11886"}],"wp:featuredmedia":[{"embeddable":true,"href":"https:\/\/duvall.be\/fr\/wp-json\/wp\/v2\/media\/11882"}],"wp:attachment":[{"href":"https:\/\/duvall.be\/fr\/wp-json\/wp\/v2\/media?parent=11885"}],"wp:term":[{"taxonomy":"category","embeddable":true,"href":"https:\/\/duvall.be\/fr\/wp-json\/wp\/v2\/categories?post=11885"},{"taxonomy":"post_tag","embeddable":true,"href":"https:\/\/duvall.be\/fr\/wp-json\/wp\/v2\/tags?post=11885"}],"curies":[{"name":"wp","href":"https:\/\/api.w.org\/{rel}","templated":true}]}}