{"id":11396,"date":"2025-09-25T09:07:51","date_gmt":"2025-09-25T09:07:51","guid":{"rendered":"https:\/\/duvall.be\/?p=11396"},"modified":"2025-10-01T14:46:54","modified_gmt":"2025-10-01T14:46:54","slug":"reunion-dete-de-la-cra-dubai-2025","status":"publish","type":"post","link":"https:\/\/duvall.be\/fr\/reunion-dete-de-la-cra-dubai-2025\/","title":{"rendered":"R\u00e9union d&rsquo;\u00e9t\u00e9 de la CRA Duba\u00ef 2025"},"content":{"rendered":"\n<p>Il y a plusieurs ann\u00e9es, duvall a contribu\u00e9 \u00e0 la cr\u00e9ation de la CRA, la <a href=\"https:\/\/conferencerentalalliance.com\/\" data-type=\"link\" data-id=\"https:\/\/conferencerentalalliance.com\/\" target=\"_blank\" rel=\"noreferrer noopener nofollow\">Conference Rental Alliance,<\/a> l&rsquo;alliance pour la location de salles de conf\u00e9rence. <strong>l&rsquo;Alliance pour la location de salles de conf\u00e9rence<\/strong>. Il s&rsquo;agit d&rsquo;une organisation internationale d&rsquo;entreprises de conf\u00e9rences ayant des objectifs communs tels que la promotion de la coop\u00e9ration internationale et la recherche d&rsquo;\u00e9v\u00e9nements de haute qualit\u00e9. Ainsi, tous les membres de la CRA, y compris duvall, peuvent d\u00e9ployer leurs services et \u00e9quipements \u00e0 l&rsquo;\u00e9chelle internationale ou offrir \u00e0 leurs clients le m\u00eame service et la m\u00eame qualit\u00e9 pour leurs \u00e9v\u00e9nements internationaux par l&rsquo;interm\u00e9diaire de leurs partenaires de la CRA.  <\/p>\n\n<h2 class=\"wp-block-heading\">Rassemblement estival annuel de la CRA<\/h2>\n\n<div class=\"wp-block-columns are-vertically-aligned-center is-layout-flex wp-container-core-columns-is-layout-9d6595d7 wp-block-columns-is-layout-flex\">\n<div class=\"wp-block-column is-vertically-aligned-center is-layout-flow wp-block-column-is-layout-flow\">\n<p>Chaque ann\u00e9e, les membres Premium de la CRA se r\u00e9unissent la derni\u00e8re semaine d&rsquo;ao\u00fbt pour le <strong>CRA Summer Gathering<\/strong>.<\/p>\n\n\n\n<p>Cette ann\u00e9e, cette conf\u00e9rence a \u00e9t\u00e9 organis\u00e9e par notre partenaire de la CRA \u00e0 Duba\u00ef, <strong>\n  <a href=\"https:\/\/dlcevents.com\/\" data-type=\"link\" data-id=\"https:\/\/dlcevents.com\/\" target=\"_blank\" rel=\"noreferrer noopener nofollow\">DLC Events<\/a>\n<\/strong>. Une entreprise qui est depuis longtemps la r\u00e9f\u00e9rence en mati\u00e8re de technologie de conf\u00e9rence et d&rsquo;interpr\u00e9tation simultan\u00e9e dans les \u00c9mirats. <\/p>\n\n\n\n<p><\/p>\n<\/div>\n\n\n\n<div class=\"wp-block-column is-vertically-aligned-center is-layout-flow wp-block-column-is-layout-flow\">\n<figure class=\"wp-block-image size-full\"><a href=\"https:\/\/duvall.be\/wp-content\/uploads\/2025\/09\/cra-summer-meeting-1.jpg\"><img loading=\"lazy\" decoding=\"async\" width=\"800\" height=\"533\" src=\"https:\/\/duvall.be\/wp-content\/uploads\/2025\/09\/cra-summer-meeting-1.jpg\" alt=\"R&#xE9;union pendant la conf&#xE9;rence &#xE0; Duba&#xEF;, ao&#xFB;t 2025 microphone\" class=\"wp-image-11348\" srcset=\"https:\/\/duvall.be\/wp-content\/uploads\/2025\/09\/cra-summer-meeting-1.jpg 800w, https:\/\/duvall.be\/wp-content\/uploads\/2025\/09\/cra-summer-meeting-1-480x320.jpg 480w\" sizes=\"(min-width: 0px) and (max-width: 480px) 480px, (min-width: 481px) 800px, 100vw\" \/><\/a><\/figure>\n<\/div>\n<\/div>\n\n<h2 class=\"wp-block-heading\">Plus qu&rsquo;une formalit\u00e9<\/h2>\n\n<p>Outre les formalit\u00e9s telles que l&rsquo;assembl\u00e9e g\u00e9n\u00e9rale, du temps a \u00e9t\u00e9 consacr\u00e9 \u00e0 des activit\u00e9s telles que le <strong>partage des connaissances<\/strong>.<\/p>\n\n<p>Par exemple, plusieurs tests et d\u00e9monstrations ont eu lieu avec <strong>\n  <a href=\"https:\/\/duvall.be\/fr\/interpretation-par-l-ia\/\" data-type=\"page\" data-id=\"7654\" target=\"_blank\" rel=\"noreferrer noopener\">la traduction simultan\u00e9e par l&rsquo;IA<\/a>\n<\/strong>. Comme chaque ann\u00e9e, la visite des entrep\u00f4ts et des bureaux de l&rsquo;h\u00f4te a \u00e9t\u00e9 un moment fort. Une exp\u00e9rience inspirante qui a \u00e9galement permis de d\u00e9gager des points d&rsquo;action pour nos propres activit\u00e9s.  <\/p>\n\n<p>En outre, le D\u00e9partement de Gestion de Produit de <strong>\n  <a href=\"https:\/\/www.televic.com\/fr\/conference\" data-type=\"link\" data-id=\"https:\/\/www.televic.com\/fr\/conference\" target=\"_blank\" rel=\"noreferrer noopener nofollow\">Televic<\/a>\n<\/strong> a pr\u00e9sent\u00e9 sa feuille de route actuelle. Un moment unique o\u00f9 un fournisseur et les membres de la CRA dialoguent sur certaines solutions et propositions qui permettent aux produits Televic d&rsquo;\u00eatre port\u00e9s \u00e0 un niveau sup\u00e9rieur. <\/p>\n\n<p>duvall est un fier membre <strong>\n  <a href=\"https:\/\/duvall.be\/fr\/celebration-adhesion-fondatrice-conference-rental-alliance\/\" data-type=\"post\" data-id=\"10417\">Premium de la Conference Rental Alliance<\/a>\n<\/strong>et s&rsquo;engage \u00e0 d\u00e9velopper ce r\u00e9seau international.<\/p>\n\n<div style=\"height:40px\" aria-hidden=\"true\" class=\"wp-block-spacer\"><\/div>\n\n<div class=\"wp-block-group has-background is-vertical is-content-justification-center is-layout-flex wp-container-core-group-is-layout-4b2eccd6 wp-block-group-is-layout-flex\" style=\"background-color:#f2f2f2\">\n<div style=\"height:39px\" aria-hidden=\"true\" class=\"wp-block-spacer wp-container-content-16d1eb73\"><\/div>\n\n\n\n<p class=\"has-text-align-center blog-cta\">Vous avez des questions sur la CRA ou sur la mani\u00e8re dont nous pouvons vous soutenir au niveau international gr\u00e2ce \u00e0 notre r\u00e9seau ? <br\/>Si tel est le cas, n&rsquo;h\u00e9sitez pas \u00e0 nous contacter :<\/p>\n\n\n\n<div style=\"height:39px\" aria-hidden=\"true\" class=\"wp-block-spacer wp-container-content-16d1eb73\"><\/div>\n\n\n\n<div class=\"wp-block-buttons is-layout-flex wp-block-buttons-is-layout-flex\">\n<div class=\"wp-block-button\"><a class=\"wp-block-button__link wp-element-button\" href=\"https:\/\/duvall.be\/fr\/contact\/\"><strong>Contactez-nous<\/strong><\/a><\/div>\n<\/div>\n\n\n\n<div style=\"height:0px\" aria-hidden=\"true\" class=\"wp-block-spacer wp-container-content-16d1eb73\"><\/div>\n<\/div>\n\n<figure class=\"wp-block-image size-full\"><a href=\"https:\/\/duvall.be\/wp-content\/uploads\/2025\/09\/cra-members-meeting-2025.jpg\"><img loading=\"lazy\" decoding=\"async\" width=\"1000\" height=\"500\" src=\"https:\/\/duvall.be\/wp-content\/uploads\/2025\/09\/cra-members-meeting-2025.jpg\" alt=\"Photo de groupe des membres de la Conference Rental Alliance lors de la r&#xE9;union annuelle d'&#xE9;t&#xE9; de l'ARC\" class=\"wp-image-11370\" srcset=\"https:\/\/duvall.be\/wp-content\/uploads\/2025\/09\/cra-members-meeting-2025.jpg 1000w, https:\/\/duvall.be\/wp-content\/uploads\/2025\/09\/cra-members-meeting-2025-980x490.jpg 980w, https:\/\/duvall.be\/wp-content\/uploads\/2025\/09\/cra-members-meeting-2025-480x240.jpg 480w\" sizes=\"(min-width: 0px) and (max-width: 480px) 480px, (min-width: 481px) and (max-width: 980px) 980px, (min-width: 981px) 1000px, 100vw\" \/><\/a><\/figure>\n","protected":false},"excerpt":{"rendered":"<p>Il y a plusieurs ann\u00e9es, duvall a contribu\u00e9 \u00e0 la cr\u00e9ation de la CRA, la Conference Rental Alliance, l&rsquo;alliance pour la location de salles de conf\u00e9rence. l&rsquo;Alliance pour la location de salles de conf\u00e9rence. Il s&rsquo;agit d&rsquo;une organisation internationale d&rsquo;entreprises de conf\u00e9rences ayant des objectifs communs tels que la promotion de la coop\u00e9ration internationale et [&hellip;]<\/p>\n","protected":false},"author":1,"featured_media":11408,"comment_status":"closed","ping_status":"closed","sticky":false,"template":"","format":"standard","meta":{"_seopress_robots_primary_cat":"none","_seopress_titles_title":"R\u00e9union d'\u00e9t\u00e9 de la CRA Duba\u00ef 2025","_seopress_titles_desc":"Duvall et CRA encouragent la coop\u00e9ration internationale et la qualit\u00e9. D\u00e9couvrez comment nous collaborons au niveau international pour votre \u00e9v\u00e9nement. ","_seopress_robots_index":"","_et_pb_use_builder":"","_et_pb_old_content":"","_et_gb_content_width":"","footnotes":""},"categories":[127],"tags":[],"class_list":["post-11396","post","type-post","status-publish","format-standard","has-post-thumbnail","hentry","category-actualites"],"_links":{"self":[{"href":"https:\/\/duvall.be\/fr\/wp-json\/wp\/v2\/posts\/11396","targetHints":{"allow":["GET"]}}],"collection":[{"href":"https:\/\/duvall.be\/fr\/wp-json\/wp\/v2\/posts"}],"about":[{"href":"https:\/\/duvall.be\/fr\/wp-json\/wp\/v2\/types\/post"}],"author":[{"embeddable":true,"href":"https:\/\/duvall.be\/fr\/wp-json\/wp\/v2\/users\/1"}],"replies":[{"embeddable":true,"href":"https:\/\/duvall.be\/fr\/wp-json\/wp\/v2\/comments?post=11396"}],"version-history":[{"count":0,"href":"https:\/\/duvall.be\/fr\/wp-json\/wp\/v2\/posts\/11396\/revisions"}],"wp:featuredmedia":[{"embeddable":true,"href":"https:\/\/duvall.be\/fr\/wp-json\/wp\/v2\/media\/11408"}],"wp:attachment":[{"href":"https:\/\/duvall.be\/fr\/wp-json\/wp\/v2\/media?parent=11396"}],"wp:term":[{"taxonomy":"category","embeddable":true,"href":"https:\/\/duvall.be\/fr\/wp-json\/wp\/v2\/categories?post=11396"},{"taxonomy":"post_tag","embeddable":true,"href":"https:\/\/duvall.be\/fr\/wp-json\/wp\/v2\/tags?post=11396"}],"curies":[{"name":"wp","href":"https:\/\/api.w.org\/{rel}","templated":true}]}}