{"id":10419,"date":"2024-10-02T09:44:46","date_gmt":"2024-10-02T09:44:46","guid":{"rendered":"https:\/\/duvall.be\/celebration-adhesion-fondatrice-conference-rental-alliance\/"},"modified":"2025-06-12T08:36:09","modified_gmt":"2025-06-12T08:36:09","slug":"celebration-adhesion-fondatrice-conference-rental-alliance","status":"publish","type":"post","link":"https:\/\/duvall.be\/fr\/celebration-adhesion-fondatrice-conference-rental-alliance\/","title":{"rendered":"C\u00e9l\u00e9bration de notre adh\u00e9sion fondatrice \u00e0 la Conference Rental Alliance (CRA)"},"content":{"rendered":"\n<p>Nous sommes heureux d&rsquo;annoncer l&rsquo;incorporation officielle de la <a href=\"https:\/\/conferencerentalalliance.com\/\">Conference Rental Alliance (CRA)<\/a>, un r\u00e9seau mondial d\u00e9di\u00e9 \u00e0 l&rsquo;union des meilleurs services de location de salles de conf\u00e9rence. En tant que <strong>membre fondateur<\/strong>, duvall est \u00e0 l&rsquo;avant-garde de cette initiative internationale et s&rsquo;engage \u00e0 \u00e9tablir une nouvelle norme dans l&rsquo;industrie en offrant des solutions compl\u00e8tes pour les conf\u00e9rences et les r\u00e9unions dans le monde entier.   <\/p>\n\n<div class=\"wp-block-columns is-layout-flex wp-container-core-columns-is-layout-9d6595d7 wp-block-columns-is-layout-flex\">\n<div class=\"wp-block-column is-layout-flow wp-block-column-is-layout-flow\" style=\"flex-basis:66.66%\">\n<p><strong>Ce que cela signifie pour nos clients<\/strong> <\/p>\n\n\n\n<p>Pour nos clients, faire partie de CRA signifie avoir acc\u00e8s \u00e0 un r\u00e9seau mondial de partenaires de confiance qui s&rsquo;engagent \u00e0 fournir un service de la plus haute qualit\u00e9.  <\/p>\n\n\n\n<p>Cette alliance nous permet d&rsquo;offrir des solutions encore plus fiables et innovantes, garantissant que chaque \u00e9v\u00e9nement &#8211; qu&rsquo;il soit hybride ou sur site &#8211; se d\u00e9roule sans heurts et avec succ\u00e8s.<\/p>\n\n\n\n<p>En collaborant avec des experts du secteur dans le monde entier, nous pouvons fournir \u00e0 nos clients les derni\u00e8res technologies et les meilleures pratiques, adapt\u00e9es aux besoins sp\u00e9cifiques de leurs \u00e9v\u00e9nements.  <\/p>\n<\/div>\n\n\n\n<div class=\"wp-block-column is-layout-flow wp-block-column-is-layout-flow\" style=\"flex-basis:33.33%\">\n<figure class=\"wp-block-image size-full\"><img loading=\"lazy\" decoding=\"async\" width=\"300\" height=\"336\" src=\"https:\/\/duvall.be\/wp-content\/uploads\/2024\/10\/duvall-cra-premium-member-logo-1.png\" alt=\"logo duvall premium member conference rental alliance\" class=\"wp-image-5937\" srcset=\"https:\/\/duvall.be\/wp-content\/uploads\/2024\/10\/duvall-cra-premium-member-logo-1.png 300w, https:\/\/duvall.be\/wp-content\/uploads\/2024\/10\/duvall-cra-premium-member-logo-1-268x300.png 268w\" sizes=\"(max-width: 300px) 100vw, 300px\" \/><\/figure>\n<\/div>\n<\/div>\n\n<p><strong>Am\u00e9lioration de la qualit\u00e9 et de l&rsquo;innovation<\/strong> <\/p>\n\n<p>Notre appartenance au CRA nous met en relation directe avec le principal fabricant de technologies de conf\u00e9rence, Televic, qui joue un r\u00f4le crucial dans notre gamme de produits. Cela nous permet de rester \u00e0 la pointe des d\u00e9veloppements technologiques et de continuer \u00e0 offrir des solutions de conf\u00e9rence de pointe. <\/p>\n\n<p>Pour nos clients, cela se traduit par une meilleure assistance technique, l&rsquo;int\u00e9gration continue des \u00e9quipements les plus r\u00e9cents et la certitude que leur \u00e9v\u00e9nement est soutenu par les meilleurs du secteur.  <\/p>\n\n<p><strong>Un engagement en faveur de l&rsquo;excellence et de la collaboration<\/strong> <\/p>\n\n<p>En tant que membre fondateur de CRA, duvall est profond\u00e9ment engag\u00e9 dans l&rsquo;excellence et la collaboration dans le secteur de la location de salles de conf\u00e9rence. Cet engagement renforce notre capacit\u00e9 \u00e0 mieux servir nos clients en am\u00e9liorant constamment nos offres de services et en restant \u00e0 la pointe des avanc\u00e9es technologiques du secteur.   <\/p>\n\n<p>Notre participation \u00e0 la CRA ne soutient pas seulement notre mission de fournir des solutions de conf\u00e9rence exceptionnelles, mais renforce \u00e9galement notre engagement \u00e0 cr\u00e9er des interactions percutantes et attrayantes pour chaque participant. <\/p>\n\n<p><strong>En savoir plus sur la CRA<\/strong> <\/p>\n\n<p>Nous sommes ravis de faire partie d&rsquo;un r\u00e9seau qui refl\u00e8te notre passion pour la qualit\u00e9 et l&rsquo;innovation. Pour en savoir plus sur la Conference Rental Alliance et sur les avantages qu&rsquo;elle offre \u00e0 nos clients, visitez son <a href=\"https:\/\/conferencerentalalliance.com\/\" target=\"_blank\" rel=\"noreferrer noopener\">site web<\/a> ou suivez la CRA sur <a href=\"https:\/\/www.linkedin.com\/company\/conference-rental-alliance\" target=\"_blank\" rel=\"noreferrer noopener\">LinkedIn.<\/a>  <\/p>\n","protected":false},"excerpt":{"rendered":"<p>Nous sommes heureux d&rsquo;annoncer l&rsquo;incorporation officielle de la Conference Rental Alliance (CRA), un r\u00e9seau mondial d\u00e9di\u00e9 \u00e0 l&rsquo;union des meilleurs services de location de salles de conf\u00e9rence. En tant que membre fondateur, duvall est \u00e0 l&rsquo;avant-garde de cette initiative internationale et s&rsquo;engage \u00e0 \u00e9tablir une nouvelle norme dans l&rsquo;industrie en offrant des solutions compl\u00e8tes pour [&hellip;]<\/p>\n","protected":false},"author":1,"featured_media":5981,"comment_status":"closed","ping_status":"open","sticky":false,"template":"","format":"standard","meta":{"_seopress_robots_primary_cat":"0","_seopress_titles_title":"","_seopress_titles_desc":"","_seopress_robots_index":"","_et_pb_use_builder":"","_et_pb_old_content":"","_et_gb_content_width":"","footnotes":""},"categories":[127],"tags":[],"class_list":["post-10419","post","type-post","status-publish","format-standard","has-post-thumbnail","hentry","category-actualites"],"_links":{"self":[{"href":"https:\/\/duvall.be\/fr\/wp-json\/wp\/v2\/posts\/10419","targetHints":{"allow":["GET"]}}],"collection":[{"href":"https:\/\/duvall.be\/fr\/wp-json\/wp\/v2\/posts"}],"about":[{"href":"https:\/\/duvall.be\/fr\/wp-json\/wp\/v2\/types\/post"}],"author":[{"embeddable":true,"href":"https:\/\/duvall.be\/fr\/wp-json\/wp\/v2\/users\/1"}],"replies":[{"embeddable":true,"href":"https:\/\/duvall.be\/fr\/wp-json\/wp\/v2\/comments?post=10419"}],"version-history":[{"count":0,"href":"https:\/\/duvall.be\/fr\/wp-json\/wp\/v2\/posts\/10419\/revisions"}],"wp:featuredmedia":[{"embeddable":true,"href":"https:\/\/duvall.be\/fr\/wp-json\/wp\/v2\/media\/5981"}],"wp:attachment":[{"href":"https:\/\/duvall.be\/fr\/wp-json\/wp\/v2\/media?parent=10419"}],"wp:term":[{"taxonomy":"category","embeddable":true,"href":"https:\/\/duvall.be\/fr\/wp-json\/wp\/v2\/categories?post=10419"},{"taxonomy":"post_tag","embeddable":true,"href":"https:\/\/duvall.be\/fr\/wp-json\/wp\/v2\/tags?post=10419"}],"curies":[{"name":"wp","href":"https:\/\/api.w.org\/{rel}","templated":true}]}}